{"id":155,"date":"2026-03-05T10:38:00","date_gmt":"2026-03-05T10:38:00","guid":{"rendered":"https:\/\/camaraluzilandia.pi.gov.br\/?p=155"},"modified":"2026-03-05T15:47:16","modified_gmt":"2026-03-05T15:47:16","slug":"camara-municipal-de-luzilandia-realiza-sessoes-solenes-em-homenagem-a-cidadaos-e-as-mulheres-do-municipio","status":"publish","type":"post","link":"https:\/\/camaraluzilandia.pi.gov.br\/?p=155","title":{"rendered":"C\u00e2mara Municipal de Luzil\u00e2ndia realiza Sess\u00f5es Solenes em homenagem a cidad\u00e3os e \u00e0s mulheres do munic\u00edpio"},"content":{"rendered":"\n<p>A C\u00e2mara Municipal de Luzil\u00e2ndia, por meio de seu presidente, Fernando Aguiar de Carvalho, convida toda a popula\u00e7\u00e3o luzilandense para participar de dois importantes momentos de reconhecimento e celebra\u00e7\u00e3o que ser\u00e3o realizados nos dias 07 e 08 de mar\u00e7o, no Audit\u00f3rio Rio Parna\u00edba, a partir das 19h.<\/p>\n\n\n\n<p>No dia 07 de mar\u00e7o ser\u00e1 realizada a Sess\u00e3o Solene de Entrega do T\u00edtulo de Cidad\u00e3o Luzilandense, uma cerim\u00f4nia tradicional do Poder Legislativo que tem como objetivo homenagear homens e mulheres que, mesmo n\u00e3o sendo naturais do munic\u00edpio, escolheram Luzil\u00e2ndia como lugar para viver, trabalhar e construir suas hist\u00f3rias. A honraria reconhece aqueles que contribu\u00edram de forma significativa para o desenvolvimento social, econ\u00f4mico e cultural da cidade, fortalecendo os la\u00e7os com a comunidade e ajudando a construir o progresso do munic\u00edpio.<\/p>\n\n\n\n<p>J\u00e1 no dia 08 de mar\u00e7o, a C\u00e2mara Municipal promover\u00e1 uma Sess\u00e3o Solene em homenagem ao Dia Internacional da Mulher, data dedicada ao reconhecimento da import\u00e2ncia das mulheres na sociedade. Durante a solenidade ser\u00e1 realizada a entrega do Trof\u00e9u Mulheres de Luzil\u00e2ndia, uma homenagem destinada a mulheres empreendedoras que, por meio de seu trabalho, dedica\u00e7\u00e3o e esp\u00edrito inovador, contribuem diretamente para o fortalecimento da economia local e para a transforma\u00e7\u00e3o social do munic\u00edpio.<\/p>\n\n\n\n<p>As duas solenidades representam momentos importantes de valoriza\u00e7\u00e3o das pessoas que fazem parte da hist\u00f3ria e do crescimento de Luzil\u00e2ndia, reafirmando o compromisso do Poder Legislativo em reconhecer trajet\u00f3rias que inspiram e fortalecem a comunidade.<\/p>\n\n\n\n<p>A C\u00e2mara Municipal de Luzil\u00e2ndia refor\u00e7a o convite para que toda a popula\u00e7\u00e3o participe desses momentos especiais e prestigie as homenagens que celebram o reconhecimento, a cidadania e a valoriza\u00e7\u00e3o das mulheres luzilandenses.<\/p>\n\n\n\n<figure class=\"wp-block-video\"><video height=\"1280\" style=\"aspect-ratio: 720 \/ 1280;\" width=\"720\" autoplay controls muted src=\"https:\/\/camaraluzilandia.pi.gov.br\/wp-content\/uploads\/2026\/03\/A-Camara-Municipal-de-Luzilandia-por-meio-do-seu-presidente-Fernando-Aguiar-de-Carvalho-tem-a.mp4\" playsinline><\/video><\/figure>\n","protected":false},"excerpt":{"rendered":"<p>A C\u00e2mara Municipal de Luzil\u00e2ndia, por meio de seu presidente, Fernando Aguiar de Carvalho, convida toda a popula\u00e7\u00e3o luzilandense para participar de dois importantes momentos de reconhecimento e celebra\u00e7\u00e3o que&hellip; <\/p>\n","protected":false},"author":1,"featured_media":160,"comment_status":"open","ping_status":"open","sticky":false,"template":"","format":"standard","meta":{"footnotes":""},"categories":[4,3],"tags":[],"class_list":["post-155","post","type-post","status-publish","format-standard","has-post-thumbnail","hentry","category-camara","category-todas"],"_links":{"self":[{"href":"https:\/\/camaraluzilandia.pi.gov.br\/index.php?rest_route=\/wp\/v2\/posts\/155","targetHints":{"allow":["GET"]}}],"collection":[{"href":"https:\/\/camaraluzilandia.pi.gov.br\/index.php?rest_route=\/wp\/v2\/posts"}],"about":[{"href":"https:\/\/camaraluzilandia.pi.gov.br\/index.php?rest_route=\/wp\/v2\/types\/post"}],"author":[{"embeddable":true,"href":"https:\/\/camaraluzilandia.pi.gov.br\/index.php?rest_route=\/wp\/v2\/users\/1"}],"replies":[{"embeddable":true,"href":"https:\/\/camaraluzilandia.pi.gov.br\/index.php?rest_route=%2Fwp%2Fv2%2Fcomments&post=155"}],"version-history":[{"count":1,"href":"https:\/\/camaraluzilandia.pi.gov.br\/index.php?rest_route=\/wp\/v2\/posts\/155\/revisions"}],"predecessor-version":[{"id":158,"href":"https:\/\/camaraluzilandia.pi.gov.br\/index.php?rest_route=\/wp\/v2\/posts\/155\/revisions\/158"}],"wp:featuredmedia":[{"embeddable":true,"href":"https:\/\/camaraluzilandia.pi.gov.br\/index.php?rest_route=\/wp\/v2\/media\/160"}],"wp:attachment":[{"href":"https:\/\/camaraluzilandia.pi.gov.br\/index.php?rest_route=%2Fwp%2Fv2%2Fmedia&parent=155"}],"wp:term":[{"taxonomy":"category","embeddable":true,"href":"https:\/\/camaraluzilandia.pi.gov.br\/index.php?rest_route=%2Fwp%2Fv2%2Fcategories&post=155"},{"taxonomy":"post_tag","embeddable":true,"href":"https:\/\/camaraluzilandia.pi.gov.br\/index.php?rest_route=%2Fwp%2Fv2%2Ftags&post=155"}],"curies":[{"name":"wp","href":"https:\/\/api.w.org\/{rel}","templated":true}]}}