{"id":161,"date":"2026-03-08T11:28:42","date_gmt":"2026-03-08T11:28:42","guid":{"rendered":"https:\/\/camaraluzilandia.pi.gov.br\/?p=161"},"modified":"2026-03-09T14:29:23","modified_gmt":"2026-03-09T14:29:23","slug":"camara-municipal-de-luzilandia-realiza-sessao-solene-de-entrega-de-titulos-de-cidadania-luzilandense","status":"publish","type":"post","link":"https:\/\/camaraluzilandia.pi.gov.br\/?p=161","title":{"rendered":"C\u00e2mara Municipal de Luzil\u00e2ndia realiza Sess\u00e3o Solene de entrega de T\u00edtulos de Cidadania Luzilandense"},"content":{"rendered":"\n<p>A C\u00e2mara Municipal de Luzil\u00e2ndia realizou, na noite do dia 07 de mar\u00e7o, uma Sess\u00e3o Solene marcada por momentos de reconhecimento e valoriza\u00e7\u00e3o de pessoas que contribu\u00edram de forma significativa para o desenvolvimento do munic\u00edpio. Durante a solenidade, foram entregues os T\u00edtulos de Cidadania Luzilandense a homens e mulheres que, mesmo n\u00e3o tendo nascido na cidade, escolheram Luzil\u00e2ndia como lugar para viver, trabalhar e construir suas trajet\u00f3rias.<\/p>\n\n\n\n<p>O t\u00edtulo de cidad\u00e3o luzilandense \u00e9 uma das mais importantes honrarias concedidas pelo Poder Legislativo Municipal. A homenagem simboliza o reconhecimento p\u00fablico \u00e0queles que, por meio de suas a\u00e7\u00f5es, dedica\u00e7\u00e3o e compromisso, contribu\u00edram para o crescimento social, econ\u00f4mico e comunit\u00e1rio do munic\u00edpio.<\/p>\n\n\n\n<p>A solenidade reuniu autoridades, familiares dos homenageados e membros da comunidade, em um momento especial que destacou a import\u00e2ncia do trabalho e da participa\u00e7\u00e3o de cada um na constru\u00e7\u00e3o da hist\u00f3ria de Luzil\u00e2ndia. Com a entrega da honraria, os homenageados passam a ser reconhecidos oficialmente como novos filhos e filhas do munic\u00edpio, refor\u00e7ando os la\u00e7os de pertencimento e identidade com a cidade.<\/p>\n\n\n\n<p>A C\u00e2mara Municipal de Luzil\u00e2ndia, em nome de todos os vereadores, manifestou orgulho em realizar a homenagem e reconhecer publicamente aqueles que adotaram a cidade como seu lar, contribuindo de maneira relevante para o fortalecimento da comunidade local.<\/p>\n\n\n\n<p>Ao receber novos cidad\u00e3os, o munic\u00edpio reafirma valores de uni\u00e3o, acolhimento e reconhecimento, fortalecendo os v\u00ednculos que ajudam a construir uma cidade cada vez mais integrada, participativa e comprometida com o seu futuro.<\/p>\n\n\n\n<p>A C\u00e2mara Municipal de Luzil\u00e2ndia parabeniza todos os homenageados e destaca a import\u00e2ncia de cada trajet\u00f3ria que contribui para o desenvolvimento e a hist\u00f3ria do munic\u00edpio.<\/p>\n\n\n\n<p><\/p>\n\n\n\n<figure class=\"wp-block-gallery has-nested-images columns-default is-cropped wp-block-gallery-1 is-layout-flex wp-block-gallery-is-layout-flex\">\n<figure class=\"wp-block-image size-large\"><img loading=\"lazy\" decoding=\"async\" width=\"856\" height=\"573\" data-id=\"162\" src=\"https:\/\/camaraluzilandia.pi.gov.br\/wp-content\/uploads\/2026\/03\/A-Camara-Municipal-de-Luzilandia-realizou-na-noite-de-ontem-07-uma-emocionante-Sessao-Solene-d-4.jpg\" alt=\"\" class=\"wp-image-162\" srcset=\"https:\/\/camaraluzilandia.pi.gov.br\/wp-content\/uploads\/2026\/03\/A-Camara-Municipal-de-Luzilandia-realizou-na-noite-de-ontem-07-uma-emocionante-Sessao-Solene-d-4.jpg 856w, https:\/\/camaraluzilandia.pi.gov.br\/wp-content\/uploads\/2026\/03\/A-Camara-Municipal-de-Luzilandia-realizou-na-noite-de-ontem-07-uma-emocionante-Sessao-Solene-d-4-300x201.jpg 300w, https:\/\/camaraluzilandia.pi.gov.br\/wp-content\/uploads\/2026\/03\/A-Camara-Municipal-de-Luzilandia-realizou-na-noite-de-ontem-07-uma-emocionante-Sessao-Solene-d-4-768x514.jpg 768w\" sizes=\"auto, (max-width: 856px) 100vw, 856px\" \/><\/figure>\n\n\n\n<figure class=\"wp-block-image size-large\"><img loading=\"lazy\" decoding=\"async\" width=\"856\" height=\"573\" data-id=\"166\" src=\"https:\/\/camaraluzilandia.pi.gov.br\/wp-content\/uploads\/2026\/03\/A-Camara-Municipal-de-Luzilandia-realizou-na-noite-de-ontem-07-uma-emocionante-Sessao-Solene-d-3.jpg\" alt=\"\" class=\"wp-image-166\" srcset=\"https:\/\/camaraluzilandia.pi.gov.br\/wp-content\/uploads\/2026\/03\/A-Camara-Municipal-de-Luzilandia-realizou-na-noite-de-ontem-07-uma-emocionante-Sessao-Solene-d-3.jpg 856w, https:\/\/camaraluzilandia.pi.gov.br\/wp-content\/uploads\/2026\/03\/A-Camara-Municipal-de-Luzilandia-realizou-na-noite-de-ontem-07-uma-emocionante-Sessao-Solene-d-3-300x201.jpg 300w, https:\/\/camaraluzilandia.pi.gov.br\/wp-content\/uploads\/2026\/03\/A-Camara-Municipal-de-Luzilandia-realizou-na-noite-de-ontem-07-uma-emocionante-Sessao-Solene-d-3-768x514.jpg 768w\" sizes=\"auto, (max-width: 856px) 100vw, 856px\" \/><\/figure>\n\n\n\n<figure class=\"wp-block-image size-large\"><img loading=\"lazy\" decoding=\"async\" width=\"856\" height=\"573\" data-id=\"165\" src=\"https:\/\/camaraluzilandia.pi.gov.br\/wp-content\/uploads\/2026\/03\/A-Camara-Municipal-de-Luzilandia-realizou-na-noite-de-ontem-07-uma-emocionante-Sessao-Solene-d-2.jpg\" alt=\"\" class=\"wp-image-165\" srcset=\"https:\/\/camaraluzilandia.pi.gov.br\/wp-content\/uploads\/2026\/03\/A-Camara-Municipal-de-Luzilandia-realizou-na-noite-de-ontem-07-uma-emocionante-Sessao-Solene-d-2.jpg 856w, https:\/\/camaraluzilandia.pi.gov.br\/wp-content\/uploads\/2026\/03\/A-Camara-Municipal-de-Luzilandia-realizou-na-noite-de-ontem-07-uma-emocionante-Sessao-Solene-d-2-300x201.jpg 300w, https:\/\/camaraluzilandia.pi.gov.br\/wp-content\/uploads\/2026\/03\/A-Camara-Municipal-de-Luzilandia-realizou-na-noite-de-ontem-07-uma-emocionante-Sessao-Solene-d-2-768x514.jpg 768w\" sizes=\"auto, (max-width: 856px) 100vw, 856px\" \/><\/figure>\n\n\n\n<figure class=\"wp-block-image size-large\"><img loading=\"lazy\" decoding=\"async\" width=\"856\" height=\"573\" data-id=\"164\" src=\"https:\/\/camaraluzilandia.pi.gov.br\/wp-content\/uploads\/2026\/03\/A-Camara-Municipal-de-Luzilandia-realizou-na-noite-de-ontem-07-uma-emocionante-Sessao-Solene-d-1.jpg\" alt=\"\" class=\"wp-image-164\" srcset=\"https:\/\/camaraluzilandia.pi.gov.br\/wp-content\/uploads\/2026\/03\/A-Camara-Municipal-de-Luzilandia-realizou-na-noite-de-ontem-07-uma-emocionante-Sessao-Solene-d-1.jpg 856w, https:\/\/camaraluzilandia.pi.gov.br\/wp-content\/uploads\/2026\/03\/A-Camara-Municipal-de-Luzilandia-realizou-na-noite-de-ontem-07-uma-emocionante-Sessao-Solene-d-1-300x201.jpg 300w, https:\/\/camaraluzilandia.pi.gov.br\/wp-content\/uploads\/2026\/03\/A-Camara-Municipal-de-Luzilandia-realizou-na-noite-de-ontem-07-uma-emocionante-Sessao-Solene-d-1-768x514.jpg 768w\" sizes=\"auto, (max-width: 856px) 100vw, 856px\" \/><\/figure>\n\n\n\n<figure class=\"wp-block-image size-large\"><img loading=\"lazy\" decoding=\"async\" width=\"853\" height=\"569\" data-id=\"163\" src=\"https:\/\/camaraluzilandia.pi.gov.br\/wp-content\/uploads\/2026\/03\/A-Camara-Municipal-de-Luzilandia-realizou-na-noite-de-ontem-07-uma-emocionante-Sessao-Solene-d.jpg\" alt=\"\" class=\"wp-image-163\" srcset=\"https:\/\/camaraluzilandia.pi.gov.br\/wp-content\/uploads\/2026\/03\/A-Camara-Municipal-de-Luzilandia-realizou-na-noite-de-ontem-07-uma-emocionante-Sessao-Solene-d.jpg 853w, https:\/\/camaraluzilandia.pi.gov.br\/wp-content\/uploads\/2026\/03\/A-Camara-Municipal-de-Luzilandia-realizou-na-noite-de-ontem-07-uma-emocionante-Sessao-Solene-d-300x200.jpg 300w, https:\/\/camaraluzilandia.pi.gov.br\/wp-content\/uploads\/2026\/03\/A-Camara-Municipal-de-Luzilandia-realizou-na-noite-de-ontem-07-uma-emocionante-Sessao-Solene-d-768x512.jpg 768w\" sizes=\"auto, (max-width: 853px) 100vw, 853px\" \/><\/figure>\n<\/figure>\n","protected":false},"excerpt":{"rendered":"<p>A C\u00e2mara Municipal de Luzil\u00e2ndia realizou, na noite do dia 07 de mar\u00e7o, uma Sess\u00e3o Solene marcada por momentos de reconhecimento e valoriza\u00e7\u00e3o de pessoas que contribu\u00edram de forma significativa&hellip; <\/p>\n","protected":false},"author":1,"featured_media":163,"comment_status":"open","ping_status":"open","sticky":false,"template":"","format":"standard","meta":{"footnotes":""},"categories":[4,3],"tags":[],"class_list":["post-161","post","type-post","status-publish","format-standard","has-post-thumbnail","hentry","category-camara","category-todas"],"_links":{"self":[{"href":"https:\/\/camaraluzilandia.pi.gov.br\/index.php?rest_route=\/wp\/v2\/posts\/161","targetHints":{"allow":["GET"]}}],"collection":[{"href":"https:\/\/camaraluzilandia.pi.gov.br\/index.php?rest_route=\/wp\/v2\/posts"}],"about":[{"href":"https:\/\/camaraluzilandia.pi.gov.br\/index.php?rest_route=\/wp\/v2\/types\/post"}],"author":[{"embeddable":true,"href":"https:\/\/camaraluzilandia.pi.gov.br\/index.php?rest_route=\/wp\/v2\/users\/1"}],"replies":[{"embeddable":true,"href":"https:\/\/camaraluzilandia.pi.gov.br\/index.php?rest_route=%2Fwp%2Fv2%2Fcomments&post=161"}],"version-history":[{"count":1,"href":"https:\/\/camaraluzilandia.pi.gov.br\/index.php?rest_route=\/wp\/v2\/posts\/161\/revisions"}],"predecessor-version":[{"id":167,"href":"https:\/\/camaraluzilandia.pi.gov.br\/index.php?rest_route=\/wp\/v2\/posts\/161\/revisions\/167"}],"wp:featuredmedia":[{"embeddable":true,"href":"https:\/\/camaraluzilandia.pi.gov.br\/index.php?rest_route=\/wp\/v2\/media\/163"}],"wp:attachment":[{"href":"https:\/\/camaraluzilandia.pi.gov.br\/index.php?rest_route=%2Fwp%2Fv2%2Fmedia&parent=161"}],"wp:term":[{"taxonomy":"category","embeddable":true,"href":"https:\/\/camaraluzilandia.pi.gov.br\/index.php?rest_route=%2Fwp%2Fv2%2Fcategories&post=161"},{"taxonomy":"post_tag","embeddable":true,"href":"https:\/\/camaraluzilandia.pi.gov.br\/index.php?rest_route=%2Fwp%2Fv2%2Ftags&post=161"}],"curies":[{"name":"wp","href":"https:\/\/api.w.org\/{rel}","templated":true}]}}