{"id":168,"date":"2026-03-10T07:37:06","date_gmt":"2026-03-10T07:37:06","guid":{"rendered":"https:\/\/camaraluzilandia.pi.gov.br\/?p=168"},"modified":"2026-03-10T12:41:26","modified_gmt":"2026-03-10T12:41:26","slug":"luzilandia-celebra-136-anos-de-historia-cultura-e-desenvolvimento","status":"publish","type":"post","link":"https:\/\/camaraluzilandia.pi.gov.br\/?p=168","title":{"rendered":"Luzil\u00e2ndia celebra 136 anos de hist\u00f3ria, cultura e desenvolvimento"},"content":{"rendered":"\n<p>O munic\u00edpio de Luzil\u00e2ndia celebra, nesta data, 136 anos de hist\u00f3ria, tradi\u00e7\u00e3o e conquistas constru\u00eddas ao longo do tempo pelo trabalho e pela dedica\u00e7\u00e3o do seu povo. A data representa um momento de celebra\u00e7\u00e3o e reconhecimento da trajet\u00f3ria de uma cidade marcada pela cultura, pela identidade e pelo esp\u00edrito acolhedor de sua popula\u00e7\u00e3o.<\/p>\n\n\n\n<p>Ao longo de mais de um s\u00e9culo de exist\u00eancia, Luzil\u00e2ndia consolidou-se como um munic\u00edpio de grande import\u00e2ncia para a regi\u00e3o, com uma hist\u00f3ria constru\u00edda por gera\u00e7\u00f5es de homens e mulheres que contribu\u00edram para o crescimento social, econ\u00f4mico e cultural da cidade.<\/p>\n\n\n\n<p>Celebrar o anivers\u00e1rio de Luzil\u00e2ndia \u00e9 reconhecer o valor da sua gente, que diariamente trabalha para fortalecer o munic\u00edpio e preservar suas tradi\u00e7\u00f5es, construindo um futuro cada vez mais promissor para as pr\u00f3ximas gera\u00e7\u00f5es.<\/p>\n\n\n\n<p>Neste dia especial, a C\u00e2mara Municipal de Luzil\u00e2ndia presta sua homenagem \u00e0 cidade e a todos os luzilandenses que, com dedica\u00e7\u00e3o, coragem e amor pela terra, ajudam a escrever a hist\u00f3ria do munic\u00edpio.<\/p>\n\n\n\n<p>A C\u00e2mara Municipal de Luzil\u00e2ndia parabeniza Luzil\u00e2ndia pelos seus 136 anos e reafirma seu compromisso de continuar trabalhando em prol do desenvolvimento, do bem-estar da popula\u00e7\u00e3o e do fortalecimento do munic\u00edpio.<\/p>\n\n\n\n<figure class=\"wp-block-video\"><video height=\"720\" style=\"aspect-ratio: 1276 \/ 720;\" width=\"1276\" autoplay controls muted src=\"https:\/\/camaraluzilandia.pi.gov.br\/wp-content\/uploads\/2026\/03\/Nossa-historia-nossa-gente.-Nossa-Luzilandia-amada-completa-hoje-136-anos.-Parabens-Luzilandia.mp4\" playsinline><\/video><\/figure>\n\n\n\n<p><\/p>\n","protected":false},"excerpt":{"rendered":"<p>O munic\u00edpio de Luzil\u00e2ndia celebra, nesta data, 136 anos de hist\u00f3ria, tradi\u00e7\u00e3o e conquistas constru\u00eddas ao longo do tempo pelo trabalho e pela dedica\u00e7\u00e3o do seu povo. A data representa&hellip; <\/p>\n","protected":false},"author":1,"featured_media":170,"comment_status":"open","ping_status":"open","sticky":false,"template":"","format":"standard","meta":{"footnotes":""},"categories":[4,3],"tags":[],"class_list":["post-168","post","type-post","status-publish","format-standard","has-post-thumbnail","hentry","category-camara","category-todas"],"_links":{"self":[{"href":"https:\/\/camaraluzilandia.pi.gov.br\/index.php?rest_route=\/wp\/v2\/posts\/168","targetHints":{"allow":["GET"]}}],"collection":[{"href":"https:\/\/camaraluzilandia.pi.gov.br\/index.php?rest_route=\/wp\/v2\/posts"}],"about":[{"href":"https:\/\/camaraluzilandia.pi.gov.br\/index.php?rest_route=\/wp\/v2\/types\/post"}],"author":[{"embeddable":true,"href":"https:\/\/camaraluzilandia.pi.gov.br\/index.php?rest_route=\/wp\/v2\/users\/1"}],"replies":[{"embeddable":true,"href":"https:\/\/camaraluzilandia.pi.gov.br\/index.php?rest_route=%2Fwp%2Fv2%2Fcomments&post=168"}],"version-history":[{"count":1,"href":"https:\/\/camaraluzilandia.pi.gov.br\/index.php?rest_route=\/wp\/v2\/posts\/168\/revisions"}],"predecessor-version":[{"id":171,"href":"https:\/\/camaraluzilandia.pi.gov.br\/index.php?rest_route=\/wp\/v2\/posts\/168\/revisions\/171"}],"wp:featuredmedia":[{"embeddable":true,"href":"https:\/\/camaraluzilandia.pi.gov.br\/index.php?rest_route=\/wp\/v2\/media\/170"}],"wp:attachment":[{"href":"https:\/\/camaraluzilandia.pi.gov.br\/index.php?rest_route=%2Fwp%2Fv2%2Fmedia&parent=168"}],"wp:term":[{"taxonomy":"category","embeddable":true,"href":"https:\/\/camaraluzilandia.pi.gov.br\/index.php?rest_route=%2Fwp%2Fv2%2Fcategories&post=168"},{"taxonomy":"post_tag","embeddable":true,"href":"https:\/\/camaraluzilandia.pi.gov.br\/index.php?rest_route=%2Fwp%2Fv2%2Ftags&post=168"}],"curies":[{"name":"wp","href":"https:\/\/api.w.org\/{rel}","templated":true}]}}