{"id":185,"date":"2026-04-27T18:26:00","date_gmt":"2026-04-27T18:26:00","guid":{"rendered":"https:\/\/camaraluzilandia.pi.gov.br\/?p=185"},"modified":"2026-04-28T13:41:15","modified_gmt":"2026-04-28T13:41:15","slug":"camara-municipal-de-luzilandia-convoca-sessao-extraordinaria-para-apreciacao-de-projetos-de-lei","status":"publish","type":"post","link":"https:\/\/camaraluzilandia.pi.gov.br\/?p=185","title":{"rendered":"C\u00e2mara Municipal de Luzil\u00e2ndia convoca Sess\u00e3o Extraordin\u00e1ria para aprecia\u00e7\u00e3o de projetos de lei"},"content":{"rendered":"\n<p>A C\u00e2mara Municipal de Luzil\u00e2ndia realizar\u00e1, no dia 28 de abril, \u00e0s 10h da manh\u00e3, Sess\u00e3o Extraordin\u00e1ria do Poder Legislativo Municipal, com o objetivo de apreciar importantes projetos de lei de interesse da administra\u00e7\u00e3o p\u00fablica e da popula\u00e7\u00e3o.<\/p>\n\n\n\n<p>Na pauta da sess\u00e3o, ser\u00e1 discutido o Projeto de Lei que autoriza a ades\u00e3o do munic\u00edpio de Luzil\u00e2ndia ao concurso p\u00fablico unificado da Associa\u00e7\u00e3o Piauiense de Munic\u00edpios (APPM), iniciativa que visa fortalecer o ingresso no servi\u00e7o p\u00fablico por meio de sele\u00e7\u00e3o transparente e organizada.<\/p>\n\n\n\n<p>Tamb\u00e9m ser\u00e1 apreciado o Projeto de Lei que amplia a quantidade de cargos efetivos j\u00e1 existentes no munic\u00edpio, al\u00e9m da cria\u00e7\u00e3o de novos cargos, medida que busca atender \u00e0s demandas administrativas e aprimorar a presta\u00e7\u00e3o dos servi\u00e7os p\u00fablicos.<\/p>\n\n\n\n<p>A Sess\u00e3o Extraordin\u00e1ria representa um momento importante para an\u00e1lise e delibera\u00e7\u00e3o de mat\u00e9rias que impactam diretamente a estrutura administrativa e o funcionamento dos servi\u00e7os municipais.<\/p>\n\n\n\n<p>A C\u00e2mara Municipal de Luzil\u00e2ndia convida toda a popula\u00e7\u00e3o a acompanhar a sess\u00e3o, refor\u00e7ando o compromisso com a transpar\u00eancia, o di\u00e1logo e a participa\u00e7\u00e3o popular nos processos legislativos.<\/p>\n\n\n\n<p>A C\u00e2mara Municipal de Luzil\u00e2ndia reafirma seu compromisso com a responsabilidade e o trabalho cont\u00ednuo em favor do desenvolvimento do munic\u00edpio e do bem-estar da popula\u00e7\u00e3o.<\/p>\n\n\n\n<p><\/p>\n\n\n<div class=\"wp-block-image\">\n<figure class=\"aligncenter size-full is-resized\"><img decoding=\"async\" src=\"https:\/\/camaraluzilandia.pi.gov.br\/wp-content\/uploads\/2026\/04\/image.png\" alt=\"\" class=\"wp-image-186\" style=\"width:840px;height:auto\"\/><\/figure>\n<\/div>","protected":false},"excerpt":{"rendered":"<p>A C\u00e2mara Municipal de Luzil\u00e2ndia realizar\u00e1, no dia 28 de abril, \u00e0s 10h da manh\u00e3, Sess\u00e3o Extraordin\u00e1ria do Poder Legislativo Municipal, com o objetivo de apreciar importantes projetos de lei&hellip; <\/p>\n","protected":false},"author":1,"featured_media":188,"comment_status":"open","ping_status":"open","sticky":false,"template":"","format":"standard","meta":{"footnotes":""},"categories":[4,3],"tags":[],"class_list":["post-185","post","type-post","status-publish","format-standard","has-post-thumbnail","hentry","category-camara","category-todas"],"_links":{"self":[{"href":"https:\/\/camaraluzilandia.pi.gov.br\/index.php?rest_route=\/wp\/v2\/posts\/185","targetHints":{"allow":["GET"]}}],"collection":[{"href":"https:\/\/camaraluzilandia.pi.gov.br\/index.php?rest_route=\/wp\/v2\/posts"}],"about":[{"href":"https:\/\/camaraluzilandia.pi.gov.br\/index.php?rest_route=\/wp\/v2\/types\/post"}],"author":[{"embeddable":true,"href":"https:\/\/camaraluzilandia.pi.gov.br\/index.php?rest_route=\/wp\/v2\/users\/1"}],"replies":[{"embeddable":true,"href":"https:\/\/camaraluzilandia.pi.gov.br\/index.php?rest_route=%2Fwp%2Fv2%2Fcomments&post=185"}],"version-history":[{"count":1,"href":"https:\/\/camaraluzilandia.pi.gov.br\/index.php?rest_route=\/wp\/v2\/posts\/185\/revisions"}],"predecessor-version":[{"id":187,"href":"https:\/\/camaraluzilandia.pi.gov.br\/index.php?rest_route=\/wp\/v2\/posts\/185\/revisions\/187"}],"wp:featuredmedia":[{"embeddable":true,"href":"https:\/\/camaraluzilandia.pi.gov.br\/index.php?rest_route=\/wp\/v2\/media\/188"}],"wp:attachment":[{"href":"https:\/\/camaraluzilandia.pi.gov.br\/index.php?rest_route=%2Fwp%2Fv2%2Fmedia&parent=185"}],"wp:term":[{"taxonomy":"category","embeddable":true,"href":"https:\/\/camaraluzilandia.pi.gov.br\/index.php?rest_route=%2Fwp%2Fv2%2Fcategories&post=185"},{"taxonomy":"post_tag","embeddable":true,"href":"https:\/\/camaraluzilandia.pi.gov.br\/index.php?rest_route=%2Fwp%2Fv2%2Ftags&post=185"}],"curies":[{"name":"wp","href":"https:\/\/api.w.org\/{rel}","templated":true}]}}